{"id":3592,"date":"2025-09-08T18:09:51","date_gmt":"2025-09-08T18:09:51","guid":{"rendered":"https:\/\/hegering-s\u00fcdbrookmerland.de\/?p=3592"},"modified":"2025-10-06T15:37:50","modified_gmt":"2025-10-06T15:37:50","slug":"rolf-djuren-pokalschiessen-2025","status":"publish","type":"post","link":"https:\/\/hegering-s\u00fcdbrookmerland.de\/?p=3592","title":{"rendered":"Rolf Djuren-Pokalschie\u00dfen 2025"},"content":{"rendered":"\n<h5 class=\"wp-block-heading\">Pokal geht in diesem Jahr an Stefan Meinen<\/h5>\n\n\n\n<figure class=\"wp-block-image size-full\"><a href=\"https:\/\/xn--hegering-sdbrookmerland-lpc.de\/wp-content\/uploads\/2025\/09\/Rolf-Djuren-Pokalschiessen_Johann-Stille-Heinrich-Carsjens-Stefan-Meinen-Karl-Dieling-Ude-Sunken-von-l-n-rechts-scaled.jpg\"><img loading=\"lazy\" decoding=\"async\" width=\"2560\" height=\"1920\" src=\"https:\/\/xn--hegering-sdbrookmerland-lpc.de\/wp-content\/uploads\/2025\/09\/Rolf-Djuren-Pokalschiessen_Johann-Stille-Heinrich-Carsjens-Stefan-Meinen-Karl-Dieling-Ude-Sunken-von-l-n-rechts-scaled.jpg\" alt=\"\" class=\"wp-image-3598\" style=\"aspect-ratio:16\/9;object-fit:cover\" srcset=\"https:\/\/xn--hegering-sdbrookmerland-lpc.de\/wp-content\/uploads\/2025\/09\/Rolf-Djuren-Pokalschiessen_Johann-Stille-Heinrich-Carsjens-Stefan-Meinen-Karl-Dieling-Ude-Sunken-von-l-n-rechts-scaled.jpg 2560w, https:\/\/xn--hegering-sdbrookmerland-lpc.de\/wp-content\/uploads\/2025\/09\/Rolf-Djuren-Pokalschiessen_Johann-Stille-Heinrich-Carsjens-Stefan-Meinen-Karl-Dieling-Ude-Sunken-von-l-n-rechts-300x225.jpg 300w, https:\/\/xn--hegering-sdbrookmerland-lpc.de\/wp-content\/uploads\/2025\/09\/Rolf-Djuren-Pokalschiessen_Johann-Stille-Heinrich-Carsjens-Stefan-Meinen-Karl-Dieling-Ude-Sunken-von-l-n-rechts-1024x768.jpg 1024w, https:\/\/xn--hegering-sdbrookmerland-lpc.de\/wp-content\/uploads\/2025\/09\/Rolf-Djuren-Pokalschiessen_Johann-Stille-Heinrich-Carsjens-Stefan-Meinen-Karl-Dieling-Ude-Sunken-von-l-n-rechts-768x576.jpg 768w, https:\/\/xn--hegering-sdbrookmerland-lpc.de\/wp-content\/uploads\/2025\/09\/Rolf-Djuren-Pokalschiessen_Johann-Stille-Heinrich-Carsjens-Stefan-Meinen-Karl-Dieling-Ude-Sunken-von-l-n-rechts-1536x1152.jpg 1536w, https:\/\/xn--hegering-sdbrookmerland-lpc.de\/wp-content\/uploads\/2025\/09\/Rolf-Djuren-Pokalschiessen_Johann-Stille-Heinrich-Carsjens-Stefan-Meinen-Karl-Dieling-Ude-Sunken-von-l-n-rechts-2048x1536.jpg 2048w\" sizes=\"auto, (max-width: 2560px) 100vw, 2560px\" \/><\/a><figcaption class=\"wp-element-caption\">Sie waren erfolgreich beim j\u00fcngsten Rolf Djuren-Pokalschie\u00dfen (v.l.): Johann Stille, Heinrich Carsjens, Stefan Meinen, Karl Dieling und Ude Sunken.<\/figcaption><\/figure>\n\n\n\n<p>Am 5. September traf sich der Hegering, um den diesj\u00e4hrigen Rolf-Djuren-Pokal \u201eauszuschie\u00dfen\u201c, so wie Rolf Djuren seinerzeit es in seinem Nachlass festgelegt hat. &nbsp;An der Veranstaltung am Schie\u00dfstand Emden-Knock nahmen 29 Sch\u00fctzen teil. Der Pokal geht dieses Jahr an Stefan Meinen.<\/p>\n\n\n\n<p>Der Pokal f\u00fcr die \u00fcber 60-j\u00e4hrigen Sch\u00fctzen ist an Karl Dieling verliehen worden. Emil Eilers erhielt den Pokal \u201edes \u00e4ltesten Sch\u00fctzen\u201c.<\/p>\n\n\n\n<p>Der Rolf Djuren-Pokal kann nur einmal an eine Person vergeben werden; entsprechend k\u00fcrt der Hegering zus\u00e4tzlich den \u201eBesten Tages-Sch\u00fctzen\u201c. Das war in diesem Jahr unser Waidgeselle Heinrich Carsjens.<\/p>\n\n\n\n<p>Im Anschluss trafen sich alle im Sch\u00fctzenhaus \u201eDreiwolden\u201c zur Pokalverleihung und\u00a0 gemeinsamen Grillen.<\/p>\n\n\n\n<p><\/p>\n\n\n\n<blockquote class=\"wp-block-quote is-layout-flow wp-block-quote-is-layout-flow\">\n<p><strong>Der Rolf-Djuren-Pokal<\/strong><br>Das j\u00e4hrliche Pokalschie\u00dfen wird zu Ehren von Herrn Rolf Djuren, der vor sehr vielen Jahren als Fischer und J\u00e4ger am Gro\u00dfen Meer lebte und nach seinem Ableben einen nicht unerheblichen Geldbetrag den S\u00fcdbrookmerl\u00e4nder J\u00e4gern vermachte, veranstaltet.<\/p>\n<\/blockquote>\n\n\n\n<p>Der Hegering bedankt sich hiermit herzlich beim Sch\u00fctzenverein \u201eDreiwolden\u201c f\u00fcr die Bereitstellung des Vereinsheims.&nbsp;<br>Allen Organisatoren und Helfern dieses sch\u00f6nen Tages sei hiermit ebenfalls gedankt. Nur durch deren Hilfe und Tatkraft kann das Verm\u00e4chtnis von Rolf Djuren erhalten bleiben.<\/p>\n\n\n\n<p>Allen Pokalempf\u00e4ngern viel Freue an den Ehrungen.<br>Alwin Bennmann<br>&nbsp;<\/p>\n\n\n\n<div class=\"wp-block-group is-layout-grid wp-container-core-group-is-layout-b757edec wp-block-group-is-layout-grid\">\n<figure class=\"wp-block-image size-full\"><a href=\"https:\/\/xn--hegering-sdbrookmerland-lpc.de\/wp-content\/uploads\/2025\/09\/Rolf-Djuren-Pokalschiessen_die-Grillmeister.jpg\"><img loading=\"lazy\" decoding=\"async\" width=\"1200\" height=\"1600\" src=\"https:\/\/xn--hegering-sdbrookmerland-lpc.de\/wp-content\/uploads\/2025\/09\/Rolf-Djuren-Pokalschiessen_die-Grillmeister.jpg\" alt=\"\" class=\"wp-image-3597\" srcset=\"https:\/\/xn--hegering-sdbrookmerland-lpc.de\/wp-content\/uploads\/2025\/09\/Rolf-Djuren-Pokalschiessen_die-Grillmeister.jpg 1200w, https:\/\/xn--hegering-sdbrookmerland-lpc.de\/wp-content\/uploads\/2025\/09\/Rolf-Djuren-Pokalschiessen_die-Grillmeister-225x300.jpg 225w, https:\/\/xn--hegering-sdbrookmerland-lpc.de\/wp-content\/uploads\/2025\/09\/Rolf-Djuren-Pokalschiessen_die-Grillmeister-768x1024.jpg 768w, https:\/\/xn--hegering-sdbrookmerland-lpc.de\/wp-content\/uploads\/2025\/09\/Rolf-Djuren-Pokalschiessen_die-Grillmeister-1152x1536.jpg 1152w\" sizes=\"auto, (max-width: 1200px) 100vw, 1200px\" \/><\/a><figcaption class=\"wp-element-caption\">Die Grillmeister<\/figcaption><\/figure>\n\n\n\n<figure class=\"wp-block-image size-full\"><a href=\"https:\/\/xn--hegering-sdbrookmerland-lpc.de\/wp-content\/uploads\/2025\/09\/Rolf-Djuren-Pokalschiessen_Gemeinsames-Essen.jpg\"><img loading=\"lazy\" decoding=\"async\" width=\"1200\" height=\"1600\" src=\"https:\/\/xn--hegering-sdbrookmerland-lpc.de\/wp-content\/uploads\/2025\/09\/Rolf-Djuren-Pokalschiessen_Gemeinsames-Essen.jpg\" alt=\"\" class=\"wp-image-3596\" srcset=\"https:\/\/xn--hegering-sdbrookmerland-lpc.de\/wp-content\/uploads\/2025\/09\/Rolf-Djuren-Pokalschiessen_Gemeinsames-Essen.jpg 1200w, https:\/\/xn--hegering-sdbrookmerland-lpc.de\/wp-content\/uploads\/2025\/09\/Rolf-Djuren-Pokalschiessen_Gemeinsames-Essen-225x300.jpg 225w, https:\/\/xn--hegering-sdbrookmerland-lpc.de\/wp-content\/uploads\/2025\/09\/Rolf-Djuren-Pokalschiessen_Gemeinsames-Essen-768x1024.jpg 768w, https:\/\/xn--hegering-sdbrookmerland-lpc.de\/wp-content\/uploads\/2025\/09\/Rolf-Djuren-Pokalschiessen_Gemeinsames-Essen-1152x1536.jpg 1152w\" sizes=\"auto, (max-width: 1200px) 100vw, 1200px\" \/><\/a><figcaption class=\"wp-element-caption\">Gemeinsames Essen<\/figcaption><\/figure>\n<\/div>\n\n\n\n<div style=\"height:25px\" aria-hidden=\"true\" class=\"wp-block-spacer\"><\/div>\n","protected":false},"excerpt":{"rendered":"<p>Pokal geht in diesem Jahr an Stefan Meinen Am 5. September traf sich der Hegering, um den diesj\u00e4hrigen Rolf-Djuren-Pokal \u201eauszuschie\u00dfen\u201c, so wie Rolf Djuren seinerzeit es in seinem Nachlass festgelegt hat. &nbsp;An der Veranstaltung am Schie\u00dfstand Emden-Knock nahmen 29 Sch\u00fctzen<\/p>\n","protected":false},"author":2,"featured_media":0,"comment_status":"closed","ping_status":"closed","sticky":false,"template":"","format":"standard","meta":{"footnotes":""},"categories":[77],"tags":[],"class_list":["post-3592","post","type-post","status-publish","format-standard","hentry","category-rolf-djuren-pokalschiessen"],"_links":{"self":[{"href":"https:\/\/hegering-s\u00fcdbrookmerland.de\/index.php?rest_route=\/wp\/v2\/posts\/3592","targetHints":{"allow":["GET"]}}],"collection":[{"href":"https:\/\/hegering-s\u00fcdbrookmerland.de\/index.php?rest_route=\/wp\/v2\/posts"}],"about":[{"href":"https:\/\/hegering-s\u00fcdbrookmerland.de\/index.php?rest_route=\/wp\/v2\/types\/post"}],"author":[{"embeddable":true,"href":"https:\/\/hegering-s\u00fcdbrookmerland.de\/index.php?rest_route=\/wp\/v2\/users\/2"}],"replies":[{"embeddable":true,"href":"https:\/\/hegering-s\u00fcdbrookmerland.de\/index.php?rest_route=%2Fwp%2Fv2%2Fcomments&post=3592"}],"version-history":[{"count":19,"href":"https:\/\/hegering-s\u00fcdbrookmerland.de\/index.php?rest_route=\/wp\/v2\/posts\/3592\/revisions"}],"predecessor-version":[{"id":3623,"href":"https:\/\/hegering-s\u00fcdbrookmerland.de\/index.php?rest_route=\/wp\/v2\/posts\/3592\/revisions\/3623"}],"wp:attachment":[{"href":"https:\/\/hegering-s\u00fcdbrookmerland.de\/index.php?rest_route=%2Fwp%2Fv2%2Fmedia&parent=3592"}],"wp:term":[{"taxonomy":"category","embeddable":true,"href":"https:\/\/hegering-s\u00fcdbrookmerland.de\/index.php?rest_route=%2Fwp%2Fv2%2Fcategories&post=3592"},{"taxonomy":"post_tag","embeddable":true,"href":"https:\/\/hegering-s\u00fcdbrookmerland.de\/index.php?rest_route=%2Fwp%2Fv2%2Ftags&post=3592"}],"curies":[{"name":"wp","href":"https:\/\/api.w.org\/{rel}","templated":true}]}}